{"id":2146,"date":"2026-04-24T16:57:33","date_gmt":"2026-04-24T16:57:33","guid":{"rendered":"https:\/\/tk-gedersdorf.at\/?p=2146"},"modified":"2026-04-24T17:00:02","modified_gmt":"2026-04-24T17:00:02","slug":"fruehlingskonzert-3","status":"publish","type":"post","link":"https:\/\/tk-gedersdorf.at\/index.php\/2026\/04\/24\/fruehlingskonzert-3\/","title":{"rendered":"Fr\u00fchlingskonzert"},"content":{"rendered":"\n<p>Mit dem Thema &#8222;So sch\u00f6n ist Blasmusik&#8220; lockten wir am 11.4. wieder Musikbegeisterte zu unserem Fr\u00fchlingskonzert in die VS Brunn. Neben den Titeln &#8218;&#8220;Sympatria&#8220;, &#8222;Im Zauberland&#8220; und &#8222;M\u00e4hrisches Gold&#8220;, welche wir auch bei der anstehenden Konzertwertung spielen werden, durften auch einige Solisten ihr K\u00f6nnen zeigen. Unser Posaunist Adrian Knapp verzauberte das Publikum bei &#8222;Hey Jude!&#8220; und unsere jungen Querfl\u00f6tistinnen durften das St\u00fcck &#8222;Amsel und Rotkehlchen&#8220; von Walter Schwanzer sogar urauff\u00fchren.<\/p>\n\n\n\n<p>Es war ein durchwegs entspannter und sch\u00f6ner Abend, bei dem zudem unser gesch\u00e4tzter Musikkollege Adolf Donabaum f\u00fcr seine vielen vielen Jahren als Funktion\u00e4r mit der goldenen Ehrennadel ausgezeichnet wurde.<\/p>\n\n\n\n<figure class=\"wp-block-image size-large\"><img loading=\"lazy\" decoding=\"async\" width=\"1024\" height=\"768\" src=\"https:\/\/tk-gedersdorf.at\/wp-content\/uploads\/2026\/04\/IMG-20260412-WA0009-1024x768.jpg\" alt=\"\" class=\"wp-image-2147\" srcset=\"https:\/\/tk-gedersdorf.at\/wp-content\/uploads\/2026\/04\/IMG-20260412-WA0009-1024x768.jpg 1024w, https:\/\/tk-gedersdorf.at\/wp-content\/uploads\/2026\/04\/IMG-20260412-WA0009-300x225.jpg 300w, https:\/\/tk-gedersdorf.at\/wp-content\/uploads\/2026\/04\/IMG-20260412-WA0009-768x576.jpg 768w, https:\/\/tk-gedersdorf.at\/wp-content\/uploads\/2026\/04\/IMG-20260412-WA0009-1536x1152.jpg 1536w, https:\/\/tk-gedersdorf.at\/wp-content\/uploads\/2026\/04\/IMG-20260412-WA0009.jpg 1600w\" sizes=\"auto, (max-width: 1024px) 100vw, 1024px\" \/><\/figure>\n","protected":false},"excerpt":{"rendered":"<p>Mit dem Thema &#8222;So sch\u00f6n ist Blasmusik&#8220; lockten wir am 11.4. wieder Musikbegeisterte zu unserem Fr\u00fchlingskonzert in die VS Brunn. Neben den Titeln &#8218;&#8220;Sympatria&#8220;, &#8222;Im Zauberland&#8220; und &#8222;M\u00e4hrisches Gold&#8220;, welche [&hellip;]<\/p>\n","protected":false},"author":4,"featured_media":0,"comment_status":"closed","ping_status":"closed","sticky":false,"template":"","format":"standard","meta":{"ngg_post_thumbnail":0,"footnotes":""},"categories":[1],"tags":[],"class_list":["post-2146","post","type-post","status-publish","format-standard","hentry","category-uncategorized"],"_links":{"self":[{"href":"https:\/\/tk-gedersdorf.at\/index.php\/wp-json\/wp\/v2\/posts\/2146","targetHints":{"allow":["GET"]}}],"collection":[{"href":"https:\/\/tk-gedersdorf.at\/index.php\/wp-json\/wp\/v2\/posts"}],"about":[{"href":"https:\/\/tk-gedersdorf.at\/index.php\/wp-json\/wp\/v2\/types\/post"}],"author":[{"embeddable":true,"href":"https:\/\/tk-gedersdorf.at\/index.php\/wp-json\/wp\/v2\/users\/4"}],"replies":[{"embeddable":true,"href":"https:\/\/tk-gedersdorf.at\/index.php\/wp-json\/wp\/v2\/comments?post=2146"}],"version-history":[{"count":3,"href":"https:\/\/tk-gedersdorf.at\/index.php\/wp-json\/wp\/v2\/posts\/2146\/revisions"}],"predecessor-version":[{"id":2150,"href":"https:\/\/tk-gedersdorf.at\/index.php\/wp-json\/wp\/v2\/posts\/2146\/revisions\/2150"}],"wp:attachment":[{"href":"https:\/\/tk-gedersdorf.at\/index.php\/wp-json\/wp\/v2\/media?parent=2146"}],"wp:term":[{"taxonomy":"category","embeddable":true,"href":"https:\/\/tk-gedersdorf.at\/index.php\/wp-json\/wp\/v2\/categories?post=2146"},{"taxonomy":"post_tag","embeddable":true,"href":"https:\/\/tk-gedersdorf.at\/index.php\/wp-json\/wp\/v2\/tags?post=2146"}],"curies":[{"name":"wp","href":"https:\/\/api.w.org\/{rel}","templated":true}]}}